{"id":393,"date":"2017-02-11T21:00:00","date_gmt":"2017-02-11T20:00:00","guid":{"rendered":"http:\/\/ludvikamusikkar.se\/?p=393"},"modified":"2021-02-14T23:23:19","modified_gmt":"2021-02-14T22:23:19","slug":"blasarfest-i-kristinehallen","status":"publish","type":"post","link":"https:\/\/ludvikamusikkar.se\/?p=393","title":{"rendered":"Bl\u00e5sarfest i Kristinehallen"},"content":{"rendered":"<div class='booster-block booster-read-block'><\/div>\n<p><strong>Maffig bl\u00e5smusik inf\u00f6r stor publik i Kristinehallen i Falun framf\u00f6rdes av Falu\/Borl\u00e4nge Bl\u00e5s och Ludvika Musikk\u00e5r l\u00f6rdagen den 11 februari. Det var tredje g\u00e5ngen p\u00e5 mindre \u00e4n ett \u00e5r som bl\u00e5sarna str\u00e5lade samman f\u00f6r att bjuda publiken p\u00e5 musik med blandat inneh\u00e5ll.<\/strong>Samarbetet inleddes under 2016 med konserter i Borl\u00e4nge och Ludvika. Nu var det dags f\u00f6r publiken i Falun att f\u00e5 lyssna till det hittills b\u00e4sta framf\u00f6randet av de ca 60 musikerna p\u00e5 scenen i Kristinehallen.&nbsp;<\/p>\n\n\n\n<p><\/p>\n\n\n\n<figure class=\"wp-block-image size-large\"><img fetchpriority=\"high\" decoding=\"async\" width=\"640\" height=\"360\" src=\"https:\/\/ludvikamusikkar.se\/wp-content\/uploads\/2021\/02\/170211_Blasarfest2.jpg\" alt=\"\" class=\"wp-image-396\" srcset=\"https:\/\/ludvikamusikkar.se\/wp-content\/uploads\/2021\/02\/170211_Blasarfest2.jpg 640w, https:\/\/ludvikamusikkar.se\/wp-content\/uploads\/2021\/02\/170211_Blasarfest2-300x169.jpg 300w\" sizes=\"(max-width: 640px) 100vw, 640px\" \/><\/figure>\n","protected":false},"excerpt":{"rendered":"<p>Maffig bl\u00e5smusik inf\u00f6r stor publik i Kristinehallen i Falun framf\u00f6rdes av Falu\/Borl\u00e4nge Bl\u00e5s och Ludvika Musikk\u00e5r l\u00f6rdagen den 11 februari. Det var tredje <\/p>\n","protected":false},"author":1,"featured_media":394,"comment_status":"closed","ping_status":"closed","sticky":false,"template":"","format":"standard","meta":{"_jetpack_memberships_contains_paid_content":false,"footnotes":""},"categories":[1],"tags":[],"class_list":["post-393","post","type-post","status-publish","format-standard","has-post-thumbnail","hentry","category-uncategorized"],"jetpack_featured_media_url":"https:\/\/ludvikamusikkar.se\/wp-content\/uploads\/2021\/02\/170211_Blasarfest.jpg","jetpack_sharing_enabled":true,"_links":{"self":[{"href":"https:\/\/ludvikamusikkar.se\/index.php?rest_route=\/wp\/v2\/posts\/393","targetHints":{"allow":["GET"]}}],"collection":[{"href":"https:\/\/ludvikamusikkar.se\/index.php?rest_route=\/wp\/v2\/posts"}],"about":[{"href":"https:\/\/ludvikamusikkar.se\/index.php?rest_route=\/wp\/v2\/types\/post"}],"author":[{"embeddable":true,"href":"https:\/\/ludvikamusikkar.se\/index.php?rest_route=\/wp\/v2\/users\/1"}],"replies":[{"embeddable":true,"href":"https:\/\/ludvikamusikkar.se\/index.php?rest_route=%2Fwp%2Fv2%2Fcomments&post=393"}],"version-history":[{"count":2,"href":"https:\/\/ludvikamusikkar.se\/index.php?rest_route=\/wp\/v2\/posts\/393\/revisions"}],"predecessor-version":[{"id":397,"href":"https:\/\/ludvikamusikkar.se\/index.php?rest_route=\/wp\/v2\/posts\/393\/revisions\/397"}],"wp:featuredmedia":[{"embeddable":true,"href":"https:\/\/ludvikamusikkar.se\/index.php?rest_route=\/wp\/v2\/media\/394"}],"wp:attachment":[{"href":"https:\/\/ludvikamusikkar.se\/index.php?rest_route=%2Fwp%2Fv2%2Fmedia&parent=393"}],"wp:term":[{"taxonomy":"category","embeddable":true,"href":"https:\/\/ludvikamusikkar.se\/index.php?rest_route=%2Fwp%2Fv2%2Fcategories&post=393"},{"taxonomy":"post_tag","embeddable":true,"href":"https:\/\/ludvikamusikkar.se\/index.php?rest_route=%2Fwp%2Fv2%2Ftags&post=393"}],"curies":[{"name":"wp","href":"https:\/\/api.w.org\/{rel}","templated":true}]}}