{"id":399,"date":"2016-12-31T21:00:00","date_gmt":"2016-12-31T20:00:00","guid":{"rendered":"http:\/\/ludvikamusikkar.se\/?p=399"},"modified":"2021-02-15T15:38:42","modified_gmt":"2021-02-15T14:38:42","slug":"nyarskonsert-i-ludvika-ulrika-kyrka","status":"publish","type":"post","link":"https:\/\/ludvikamusikkar.se\/?p=399","title":{"rendered":"Ny\u00e5rskonsert i Ludvika Ulrika kyrka"},"content":{"rendered":"<div class='booster-block booster-read-block'><\/div>\n<p><em>Carl-Axel Hagberg och Gunilla S\u00f6derholm, tv\u00e5 av huvudpersonerna vid konserten i Ludvika Ulrika kyrka p\u00e5 Ny\u00e5rsafton 2016.<\/em><\/p>\n\n\n\n<p><strong>En tradition som lever vidare sedan 2003 \u00e4r konserten i Ludvika Ulrika kyrka p\u00e5 Ny\u00e5rsafton med Ludvika Musikk\u00e5r. Ett blandat program med musik \u00e4nda fr\u00e5n 1700-talet fram till nutid.<\/strong><br><br>Gunilla S\u00f6derholm inledde som dirigent i Antonio Vivaldis&nbsp;<strong>Concerto Grosso i D-moll<\/strong>&nbsp;i ett arrangemang f\u00f6r bl\u00e5sorkester bearbetat av John Cacavas. Jultraditioner har alltid funnits eller skapats, inte minst sedan TV b\u00f6rjade s\u00e4nda tecknat kl 15.00 p\u00e5 julafton.&nbsp;<strong>Ser du stj\u00e4rnan i det bl\u00e5<\/strong>&nbsp;med s\u00e5ng(?) av Bengt Feldreich tillh\u00f6r klassikerna. Det inte alla k\u00e4nner till \u00e4r att just denna melodi har svenska anor. Komposit\u00f6ren Leigh Harlines f\u00f6r\u00e4ldrar utvandrade fr\u00e5n Sverige till Amerika 1891 d\u00e5 med efternamnet H\u00e4rlin.<\/p>\n\n\n\n<p>Tv\u00e5 vackra arrangemang av Tomas Wikenius, musikl\u00e4rare fr\u00e5n Gagnef, f\u00f6ljde i programmet&nbsp;<strong>Duvem\u00e5la Hage&nbsp;<\/strong>och&nbsp;<strong>Visa fr\u00e5n Moje&nbsp;<\/strong>innan det var dags f\u00f6r ny\u00e5rsbetraktelse med Carl-Axel Hagberg.<\/p>\n\n\n\n<p>En&nbsp;<strong>marsch ur Figaros br\u00f6llop<\/strong>&nbsp;av W A Mozart hade Magnus Karlsson valt som inledning av den andra avdelningen n\u00e4r han tog \u00f6ver dirigentpinnen fr\u00e5n Gunilla S\u00f6derholm. Mera br\u00f6llopsmusik,&nbsp;<strong>Allegro<\/strong>, komponerad av den svenska musikens fader Johan Helmich Roman ur Drottningholmsmusiken framf\u00f6rdes.<\/p>\n\n\n\n<p>En stor del av musikk\u00e5rens arrangemang har specialskrivits av f\u00f6rre dirigenten Karl Erik Anestedt, h\u00e4r spelades&nbsp;<strong>Over the Rainbow<\/strong>&nbsp;och&nbsp;<strong>Smoke gets in your eyes<\/strong>.<\/p>\n\n\n\n<p>En annan jultradition som skapats av TV \u00e4r&nbsp;<strong>Sagan om Karl-Bertil Jonssons Julafton<\/strong>&nbsp;d\u00e4r musiken skrivits av Gunnar Svensson. Klarinettisten Lars Trygg fick h\u00e4r en framtr\u00e4dande roll i temat till den filmen i ett fint arrangemang skrivet av \u00c5ke Jonsson och bearbetat av dirigenten Magnus Karlsson. Programpresentationen gjordes av H\u00e5kan Hultgren, som bl a ber\u00e4ttade om m\u00e5nga intressanta detaljer fr\u00e5n den tecknade filmen om Karl-Bertil Jonssons jul.<\/p>\n\n\n\n<figure class=\"wp-block-image size-large\"><img fetchpriority=\"high\" decoding=\"async\" width=\"640\" height=\"430\" src=\"https:\/\/wordpress.ludvikamusikkar.se\/wp-content\/uploads\/2021\/02\/161231_Lars-Trygg.jpg\" alt=\"\" class=\"wp-image-405\" srcset=\"https:\/\/ludvikamusikkar.se\/wp-content\/uploads\/2021\/02\/161231_Lars-Trygg.jpg 640w, https:\/\/ludvikamusikkar.se\/wp-content\/uploads\/2021\/02\/161231_Lars-Trygg-300x202.jpg 300w\" sizes=\"(max-width: 640px) 100vw, 640px\" \/><figcaption><em>Lars Trygg hade en framtr\u00e4dande roll med sin klarinett<\/em><\/figcaption><\/figure>\n","protected":false},"excerpt":{"rendered":"<p>Carl-Axel Hagberg och Gunilla S\u00f6derholm, tv\u00e5 av huvudpersonerna vid konserten i Ludvika Ulrika kyrka p\u00e5 Ny\u00e5rsafton 2016. En tradition som lever vidare sedan <\/p>\n","protected":false},"author":1,"featured_media":400,"comment_status":"closed","ping_status":"closed","sticky":false,"template":"","format":"standard","meta":{"_jetpack_memberships_contains_paid_content":false,"footnotes":""},"categories":[1],"tags":[],"class_list":["post-399","post","type-post","status-publish","format-standard","has-post-thumbnail","hentry","category-uncategorized"],"jetpack_featured_media_url":"https:\/\/ludvikamusikkar.se\/wp-content\/uploads\/2021\/02\/161231_Nyarsafton.jpg","jetpack_sharing_enabled":true,"_links":{"self":[{"href":"https:\/\/ludvikamusikkar.se\/index.php?rest_route=\/wp\/v2\/posts\/399","targetHints":{"allow":["GET"]}}],"collection":[{"href":"https:\/\/ludvikamusikkar.se\/index.php?rest_route=\/wp\/v2\/posts"}],"about":[{"href":"https:\/\/ludvikamusikkar.se\/index.php?rest_route=\/wp\/v2\/types\/post"}],"author":[{"embeddable":true,"href":"https:\/\/ludvikamusikkar.se\/index.php?rest_route=\/wp\/v2\/users\/1"}],"replies":[{"embeddable":true,"href":"https:\/\/ludvikamusikkar.se\/index.php?rest_route=%2Fwp%2Fv2%2Fcomments&post=399"}],"version-history":[{"count":4,"href":"https:\/\/ludvikamusikkar.se\/index.php?rest_route=\/wp\/v2\/posts\/399\/revisions"}],"predecessor-version":[{"id":406,"href":"https:\/\/ludvikamusikkar.se\/index.php?rest_route=\/wp\/v2\/posts\/399\/revisions\/406"}],"wp:featuredmedia":[{"embeddable":true,"href":"https:\/\/ludvikamusikkar.se\/index.php?rest_route=\/wp\/v2\/media\/400"}],"wp:attachment":[{"href":"https:\/\/ludvikamusikkar.se\/index.php?rest_route=%2Fwp%2Fv2%2Fmedia&parent=399"}],"wp:term":[{"taxonomy":"category","embeddable":true,"href":"https:\/\/ludvikamusikkar.se\/index.php?rest_route=%2Fwp%2Fv2%2Fcategories&post=399"},{"taxonomy":"post_tag","embeddable":true,"href":"https:\/\/ludvikamusikkar.se\/index.php?rest_route=%2Fwp%2Fv2%2Ftags&post=399"}],"curies":[{"name":"wp","href":"https:\/\/api.w.org\/{rel}","templated":true}]}}